{"id":2296,"date":"2025-05-20T16:02:13","date_gmt":"2025-05-20T14:02:13","guid":{"rendered":"https:\/\/kollabculture.com\/?p=2296"},"modified":"2025-05-20T16:07:46","modified_gmt":"2025-05-20T14:07:46","slug":"kollabdays01","status":"publish","type":"post","link":"https:\/\/kollabculture.com\/en\/times\/kollabdays01\/","title":{"rendered":"Kollab Days #01: BOJAGI ARTDAY PARIS \u2764\ufe0f"},"content":{"rendered":"<p class=\"has-lora-font-family\">\uc548\ub155\ud558\uc138\uc694, \ud504\ub791\uc2a4 \ubc0f \uc720\ub7fd\uc5d0\uc11c \ud65c\ub3d9\ud558\ub294 \ud55c\uad6d \uc544\ud2f0\uc2a4\ud2b8, \ubb38\ud654\uc0ac\uc5c5\uac00 \ub4e4\uacfc\uc758 \ub124\ud2b8\uc6cc\ud0b9 \ubc0f \ud604\uc9c0\uc5d0 \ud55c\uad6d \ubb38\ud654 \ud611\uc5c5\uc744 \uc704\ud55c \ud589\uc0ac &nbsp;&#8216;Kollab Days #01 BOJAGI ART DAY PARIS&#8217;\uc5d0 \uc5ec\ub7ec\ubd84\uc744 \ucd08\ub300\ud569\ub2c8\ub2e4.<\/p>\n\n\n\n<p class=\"has-lora-font-family\">\uc774\ubc88\ud589\uc0ac\ub294 <strong>6\uc6d4 14\uc77c, \ud30c\ub9ac 7\uad6c \uc575\ubc1c\ub9ac\ub4dc \uc55e \uac24\ub7ec\ub9ac (Galerie Plan\u00e8te rouge)<\/strong>\uc5d0\uc11c \uc9c4\ud589\ub418\uba70,&nbsp;Kollab \uacfc \uc2a4\uc704\uc2a4 \ubcf4\uc790\uae30 \uadf8\ub9ac\uace0 Domaine H (\ub3c4\uba58\uc544\uc26c) \uac00 \ud568\uaed8 \ucf5c\ub77c\ubcf4\ub85c \uc6b4\uc601\ud558\ub294 \ud589\uc0ac\uc785\ub2c8\ub2e4.<\/p>\n\n\n\n<p class=\"has-lora-font-family\">\uc790\uc138\ud55c \ub0b4\uc6a9 \ubc0f \uc608\uc57d\uc740<a href=\"https:\/\/www.eventbrite.fr\/e\/billets-korean-bojagi-art-day-paris-1366055682319?aff=oddtdtcreator\"><strong> \ub9c1\ud06c <\/strong><\/a>\ud655\uc778 \ubc0f \uc544\ub798 \ub0b4\uc6a9\uc744 \ucc38\uace0\ud574\uc8fc\uc2dc\uae38 \ubc14\ub78d\ub2c8\ub2e4 \ud83d\ude42 &nbsp;+ \ub354\ubd88\uc5b4, \ud604\uc7ac \ud639\uc740 \uacc4\ud68d\ud558\uace0 \uacc4\uc2e0 \ud504\ub85c\uc81d\ud2b8\ub4e4 \uc18c\uac1c\ud558\uace0 \uc2f6\uc73c\uc2dc\ub2e4\uba74 <a href=\"mailto:contact@kollabculture.com\">contact@kollabculture.com<\/a> \uc73c\ub85c \uc5f0\ub77d\uc8fc\uc138\uc694.<\/p>\n\n\n\n<p class=\"has-lora-font-family\">\ud30c\ub9ac\uc5d0\uc11c \uc2dc\uac01, \uc804\ud1b5, \uacf5\uc5f0\uc608\uc220 \ubc0f \ubb38\ud654 \uc0ac\uc5c5 \ub4f1\uc73c\ub85c \ud65c\ub3d9\uc911\uc778 \ubd84\ub4e4, \ud55c\uad6d \uc804\ud1b5 \ubb38\ud654 \ubcf4\uc790\uae30\uc758 \uc0c8\ub85c\uc6b4 \ud574\uc11d\uacfc \ud611\uc5c5\uc5d0 \uad00\uc2ec\uc774 \uc788\uc73c\uc2e0\ubd84\ub4e4 \ubaa8\ub450 6\uc6d4 14\uc77c\uc5d0 \ub9cc\ub098\uae38 \uae30\ub300\ud558\uaca0\uc2b5\ub2c8\ub2e4. \ud83d\ude4c<\/p>\n\n\n\n<figure class=\"wp-block-gallery has-nested-images columns-default is-cropped wp-block-gallery-1 is-layout-flex wp-block-gallery-is-layout-flex\">\n<figure class=\"wp-block-image size-large\"><img loading=\"lazy\" decoding=\"async\" width=\"724\" height=\"1024\" data-id=\"2299\" src=\"https:\/\/kollabculture.com\/wp-content\/uploads\/2025\/05\/1-724x1024.png\" alt=\"\" class=\"wp-image-2299\" srcset=\"https:\/\/kollabculture.com\/wp-content\/uploads\/2025\/05\/1-724x1024.png 724w, https:\/\/kollabculture.com\/wp-content\/uploads\/2025\/05\/1-212x300.png 212w, https:\/\/kollabculture.com\/wp-content\/uploads\/2025\/05\/1-768x1086.png 768w, https:\/\/kollabculture.com\/wp-content\/uploads\/2025\/05\/1-1086x1536.png 1086w, https:\/\/kollabculture.com\/wp-content\/uploads\/2025\/05\/1-8x12.png 8w, https:\/\/kollabculture.com\/wp-content\/uploads\/2025\/05\/1.png 1414w\" sizes=\"auto, (max-width: 724px) 100vw, 724px\" \/><\/figure>\n<\/figure>\n\n\n\n<p class=\"has-lora-font-family has-large-font-size\"><strong>Kollab Days #01 : BOJAGI ART DAY PARIS<\/strong><\/p>\n\n\n\n<p class=\"has-noto-serif-kr-font-family\">\u2022 \uc7a5\uc18c: Galerie Plan\u00e8te rouge (<a href=\"http:\/\/maps.app.goo.gl\/jQkfa4bhpTJ8uYb2A\">25 Rue Duvivier, 75007 Paris<\/a>)<\/p>\n\n\n\n<p class=\"has-noto-serif-kr-font-family\">\u2022 \ub0a0\uc9dc: 2025\ub144 6\uc6d4 14\uc77c&nbsp;<\/p>\n\n\n\n<p class=\"has-noto-serif-kr-font-family\">\u2022 \ud504\ub85c\uadf8\ub7a8&nbsp;<\/p>\n\n\n\n<p class=\"has-noto-serif-kr-font-family\">&#8211; 14\uc2dc &amp; 16\uc2dc : \ud55c\uad6d \ubcf4\uc790\uae30 \uc6cc\ud06c\uc20d (\uc720\ub8cc, \uc608\uc57d \ud544\uc218)&nbsp;<\/p>\n\n\n\n<p class=\"has-noto-serif-kr-font-family\">&#8211; 18\uc2dc\ubd80\ud130 : Domaine H (\ub3c4\uba58\uc544\uc26c) \uc2dc\uc74c\ud68c, \uc640\uc778 x \ubcf4\uc790\uae30, \ud574\uae08 \uc5f0\uc8fc, \ub124\ud2b8\uc6cc\ud0b9 \ub4f1&nbsp;<\/p>\n\n\n\n<p class=\"has-lora-font-family\">\u2022 Contacts <\/p>\n\n\n\n<p class=\"has-lora-font-family\">Kollab (<a href=\"https:\/\/www.instagram.com\/kollab_culture\/\">Instagram<\/a>, <a href=\"https:\/\/kollabculture.com\/en\/\">Site web<\/a>), SWISS BOJAGI (<a href=\"https:\/\/www.instagram.com\/swiss_bojagi\/\">Instagram<\/a>),&nbsp;Domaine H (<a href=\"https:\/\/www.instagram.com\/suki_vigneron\/\">Instagram<\/a>)<\/p>\n\n\n\n<hr class=\"wp-block-separator has-alpha-channel-opacity\" style=\"margin-top:var(--wp--preset--spacing--30);margin-bottom:var(--wp--preset--spacing--30)\"\/>\n\n\n\n<p class=\"has-lora-font-family\" style=\"margin-top:0;margin-bottom:0\"><strong>\u2022 Kollab&nbsp;<\/strong><\/p>\n\n\n\n<p class=\"has-lora-font-family\" style=\"margin-top:var(--wp--preset--spacing--10);margin-bottom:var(--wp--preset--spacing--10)\">Kollab, c\u2019est la rencontre entre &#8220;Korean&#8221; et &#8220;Collaboration&#8221; : un r\u00e9seau vivant qui relie artistes et professionnels autour de la culture cor\u00e9enne en Europe. \u00c0 travers des \u00e9v\u00e9nements, projets artistiques, \u00e9ducatifs ou entrepreneuriaux, Kollab soutient les talents cor\u00e9ens bas\u00e9s en Europe et encourage la cr\u00e9ation, la visibilit\u00e9 et les \u00e9changes.<\/p>\n\n\n\n<hr class=\"wp-block-separator has-alpha-channel-opacity\"\/>\n\n\n\n<p class=\"has-lora-font-family\" style=\"margin-top:var(--wp--preset--spacing--10);margin-bottom:var(--wp--preset--spacing--10)\">\u2728<strong> Kollab x Swiss Bojagi x Domaine H <\/strong>\u2728<\/p>\n\n\n\n<p class=\"has-lora-font-family\" style=\"margin-top:0;margin-bottom:0\">Le tout premier Kollab Days aura lieu \u00e0 Paris, au c\u0153ur de la sc\u00e8ne culturelle europ\u00e9enne. Pour cette premi\u00e8re \u00e9dition, nous avons le plaisir d\u2019accueillir deux projets inspirants : Swiss Bojagi, port\u00e9 par Son Boyoung, qui fait vivre l\u2019h\u00e9ritage du bojagi, l\u2019art traditionnel cor\u00e9en de l\u2019emballage textile, \u00e0 travers expositions et ateliers ; Domaine H, un domaine viticole en Savoie fond\u00e9 par Ha Sukhwan, sommelier cor\u00e9en devenu vigneron, dont les vins s\u00e9duisent aussi bien les Fran\u00e7ais que la communaut\u00e9 cor\u00e9enne.<\/p>\n\n\n\n<p class=\"has-lora-font-family\">Let&#8217;s Kollab \ud83d\ude4c (<a href=\"mailto:contact@kollabculture.com\">contact@kollabculture.com<\/a>)<\/p>\n\n\n\n<hr class=\"wp-block-separator has-alpha-channel-opacity\"\/>\n\n\n\n<figure class=\"wp-block-image size-large\"><img loading=\"lazy\" decoding=\"async\" width=\"724\" height=\"1024\" src=\"https:\/\/kollabculture.com\/wp-content\/uploads\/2025\/05\/2-1-724x1024.png\" alt=\"\" class=\"wp-image-2302\" srcset=\"https:\/\/kollabculture.com\/wp-content\/uploads\/2025\/05\/2-1-724x1024.png 724w, https:\/\/kollabculture.com\/wp-content\/uploads\/2025\/05\/2-1-212x300.png 212w, https:\/\/kollabculture.com\/wp-content\/uploads\/2025\/05\/2-1-768x1086.png 768w, https:\/\/kollabculture.com\/wp-content\/uploads\/2025\/05\/2-1-1086x1536.png 1086w, https:\/\/kollabculture.com\/wp-content\/uploads\/2025\/05\/2-1-8x12.png 8w, https:\/\/kollabculture.com\/wp-content\/uploads\/2025\/05\/2-1.png 1414w\" sizes=\"auto, (max-width: 724px) 100vw, 724px\" \/><\/figure>\n\n\n\n<p class=\"has-lora-font-family has-large-font-size\">\ud83d\udc49<strong> Programme<\/strong><\/p>\n\n\n\n<p class=\"has-lora-font-family has-large-font-size\">\u2726<strong> 14h &amp; 16h : Bojagi Workshops &#8211; Art textile traditionnel cor\u00e9en (Niveau d\u00e9butant)<\/strong><\/p>\n\n\n\n<p class=\"has-lora-font-family\">Le bojagi est bien plus qu\u2019un simple tissu d\u2019emballage : c\u2019est un art cor\u00e9en symbolisant le partage et la bienveillance. Dans cet atelier, vous d\u00e9couvrirez son histoire et apprendrez \u00e0 cr\u00e9er deux emballages cadeaux et un sac en tissu, en utilisant des techniques traditionnelles et cr\u00e9atives.<\/p>\n\n\n\n<p class=\"has-lora-font-family\">Tout le mat\u00e9riel est fourni : tissus, bo\u00eetes, accessoires, et vous repartez avec vos propres cr\u00e9ations, uniques et \u00e9l\u00e9gantes.<\/p>\n\n\n\n<p class=\"has-lora-font-family\">Atelier anim\u00e9 par Bo Young Son, pr\u00e9sidente de la Korea Bojagi Association en Suisse.<\/p>\n\n\n\n<p class=\"has-lora-font-family\">Suivez Swiss Bojagi sur Instagram : <a href=\"https:\/\/www.instagram.com\/swiss_bojagi\/\">@swissbojagi<\/a><\/p>\n\n\n\n<p class=\"has-lora-font-family\"><strong>\u25ba Infos pratiques :<\/strong><\/p>\n\n\n\n<p class=\"has-lora-font-family\">&#8211; Atelier en anglais (mais traduction en fran\u00e7ais possible)<\/p>\n\n\n\n<p class=\"has-lora-font-family\">&#8211; \u00c0 partir de 12 ans<\/p>\n\n\n\n<p class=\"has-lora-font-family\">&#8211; 2 Sessions : 14h \/ 16h (max. 10 participants parsession)<\/p>\n\n\n\n<p class=\"has-lora-font-family\">&#8211; Dur\u00e9e : 75 minutes environ<\/p>\n\n\n\n<p class=\"has-lora-font-family\">&#8211; Prix : 65\u20ac (<a href=\"https:\/\/www.eventbrite.fr\/e\/billets-korean-bojagi-art-day-paris-1366055682319?aff=oddtdtcreator\"><strong>ce lien<\/strong><\/a>)<\/p>\n\n\n\n<p class=\"has-lora-font-family\">&#8211; Vous r\u00e9aliserez : 2 emballages cadeaux Maedeup + 1 sac Bojagi<\/p>\n\n\n\n<p class=\"has-lora-font-family\">&#8211; Mat\u00e9riel fourni : 3 tissus bojagi, 2 bo\u00eetes, 1 accessoire<\/p>\n\n\n\n<p class=\"has-lora-font-family\">\ud83c\udf9f\ufe0f Pour participer :&nbsp;<a href=\"https:\/\/www.eventbrite.fr\/e\/billets-korean-bojagi-art-day-paris-1366055682319?aff=oddtdtcreator\"><strong>R\u00e9server en achetant un ticket sur cet \u00e9venement.<\/strong><\/a><\/p>\n\n\n\n<p class=\"has-lora-font-family\">Le nombre de places \u00e9tant limit\u00e9, nous vous recommandons de r\u00e9server rapidement.<\/p>\n\n\n\n<p class=\"has-lora-font-family\">Merci de noter que les inscriptions seront confirm\u00e9es dans l\u2019ordre de r\u00e9ception des paiements. Un mail de confirmation vous sera envoy\u00e9 rapidement apr\u00e8s r\u00e9ception du paiement.<\/p>\n\n\n\n<p class=\"has-lora-font-family\">Les annulations et remboursements sont possibles jusqu\u2019au mercredi 11 juin 2025.<\/p>\n\n\n\n<p class=\"has-lora-font-family\">\u2218\u2218\u2218\u2218\u2218\u2218\u2218\u2218\u2218<\/p>\n\n\n\n<p class=\"has-lora-font-family has-large-font-size\">\u2726<strong> 18h : Exposition Bojagi &amp; <\/strong>\ud83c\udf77<strong> D\u00e9gustation de vin par le Domaine H \u2013 Gratuit<\/strong><\/p>\n\n\n\n<p class=\"has-lora-font-family\">D\u00e9couvrez une belle s\u00e9lection de bojagi, l\u2019art textile cor\u00e9en traditionnel.<\/p>\n\n\n\n<p class=\"has-lora-font-family\">Puis, laissez-vous surprendre par les vins du Domaine H, rouges et blancs de Savoie (Mondeuse, Chignin\u2026), cr\u00e9\u00e9s par Ha Sukhwan, sommelier cor\u00e9en devenu vigneron passionn\u00e9. Ce sera aussi l\u2019occasion d\u2019en apprendre un peu plus sur son parcours atypique et sa passion du vin.<\/p>\n\n\n\n<p class=\"has-lora-font-family\">Un moment convivial o\u00f9 culture et terroir se rencontrent !<\/p>\n\n\n\n<p class=\"has-lora-font-family\">\u2218\u2218\u2218\u2218\u2218\u2218\u2218\u2218\u2218<\/p>\n\n\n\n<p class=\"has-lora-font-family has-large-font-size\">\u2726<strong> 19h : Pr\u00e9sentations &amp; Networking &#8211; Gratuit<\/strong><\/p>\n\n\n\n<p class=\"has-lora-font-family\">Musique traditionnelle cor\u00e9enne (Haegeum) \ud83c\udfb5<\/p>\n\n\n\n<p class=\"has-lora-font-family\">Rencontrez des artistes et cr\u00e9ateurs cor\u00e9ens bas\u00e9s \u00e0 Paris et en Europe, \u00e9changez autour de vos projets et \u00e9largissez votre r\u00e9seau dans une ambiance chaleureuse.<\/p>\n\n\n\n<p class=\"has-lora-font-family\">Jyuri Kim, fondatrice de Kollab, interpr\u00e9tera une pi\u00e8ce au haegeum, un instrument traditionnel cor\u00e9en \u00e0 cordes, pour apporter une touche musicale unique \u00e0 la soir\u00e9e.<\/p>\n\n\n\n<p class=\"has-lora-font-family\">\u2218\u2218\u2218\u2218\u2218\u2218\u2218\u2218\u2218<\/p>\n\n\n\n<p class=\"has-lora-font-family\">Un moment unique de d\u00e9couverte et de partage culturel ! Que vous soyez artiste cor\u00e9en en Europe ou simplement passionn\u00e9 par la culture cor\u00e9enne, venez profiter d\u2019une soir\u00e9e conviviale plac\u00e9e sous le signe du networking.<\/p>\n\n\n\n<p class=\"has-lora-font-family\">Kollab est toujours ouvert aux collaborations entre la Cor\u00e9e et l\u2019Europe.<\/p>\n\n\n\n<p class=\"has-lora-font-family\">Rejoignez-nous\u2026 Let\u2019s Kollab ! \ud83d\ude4c<\/p>\n\n\n\n<figure class=\"wp-block-gallery has-nested-images columns-default is-cropped wp-block-gallery-2 is-layout-flex wp-block-gallery-is-layout-flex\">\n<figure class=\"wp-block-image size-large\"><img loading=\"lazy\" decoding=\"async\" width=\"724\" height=\"1024\" data-id=\"2301\" src=\"https:\/\/kollabculture.com\/wp-content\/uploads\/2025\/05\/3-724x1024.png\" alt=\"\" class=\"wp-image-2301\" srcset=\"https:\/\/kollabculture.com\/wp-content\/uploads\/2025\/05\/3-724x1024.png 724w, https:\/\/kollabculture.com\/wp-content\/uploads\/2025\/05\/3-212x300.png 212w, https:\/\/kollabculture.com\/wp-content\/uploads\/2025\/05\/3-768x1086.png 768w, https:\/\/kollabculture.com\/wp-content\/uploads\/2025\/05\/3-1086x1536.png 1086w, https:\/\/kollabculture.com\/wp-content\/uploads\/2025\/05\/3-8x12.png 8w, https:\/\/kollabculture.com\/wp-content\/uploads\/2025\/05\/3.png 1414w\" sizes=\"auto, (max-width: 724px) 100vw, 724px\" \/><\/figure>\n<\/figure>\n\n\n\n<figure class=\"wp-block-image size-large\"><img loading=\"lazy\" decoding=\"async\" width=\"724\" height=\"1024\" src=\"https:\/\/kollabculture.com\/wp-content\/uploads\/2025\/05\/4-2-724x1024.png\" alt=\"\" class=\"wp-image-2307\" srcset=\"https:\/\/kollabculture.com\/wp-content\/uploads\/2025\/05\/4-2-724x1024.png 724w, https:\/\/kollabculture.com\/wp-content\/uploads\/2025\/05\/4-2-212x300.png 212w, https:\/\/kollabculture.com\/wp-content\/uploads\/2025\/05\/4-2-768x1086.png 768w, https:\/\/kollabculture.com\/wp-content\/uploads\/2025\/05\/4-2-1086x1536.png 1086w, https:\/\/kollabculture.com\/wp-content\/uploads\/2025\/05\/4-2-8x12.png 8w, https:\/\/kollabculture.com\/wp-content\/uploads\/2025\/05\/4-2.png 1414w\" sizes=\"auto, (max-width: 724px) 100vw, 724px\" \/><\/figure>\n\n\n\n<p><\/p>","protected":false},"excerpt":{"rendered":"<p>\uc548\ub155\ud558\uc138\uc694, \ud504\ub791\uc2a4 \ubc0f \uc720\ub7fd\uc5d0\uc11c \ud65c\ub3d9\ud558\ub294 \ud55c\uad6d \uc544\ud2f0\uc2a4\ud2b8, \ubb38\ud654\uc0ac\uc5c5\uac00 \ub4e4\uacfc\uc758 \ub124\ud2b8\uc6cc\ud0b9 \ubc0f \ud604\uc9c0\uc5d0 \ud55c\uad6d \ubb38\ud654 \ud611\uc5c5\uc744 \uc704\ud55c \ud589\uc0ac &nbsp;&#8216;Kollab Days #01 BOJAGI ART DAY PARIS&#8217;\uc5d0 \uc5ec\ub7ec\ubd84\uc744 \ucd08\ub300\ud569\ub2c8\ub2e4. \uc774\ubc88\ud589\uc0ac\ub294 6\uc6d4 14\uc77c, \ud30c\ub9ac 7\uad6c \uc575\ubc1c\ub9ac\ub4dc \uc55e \uac24\ub7ec\ub9ac (Galerie Plan\u00e8te rouge)\uc5d0\uc11c \uc9c4\ud589\ub418\uba70,&nbsp;Kollab \uacfc \uc2a4\uc704\uc2a4 \ubcf4\uc790\uae30 \uadf8\ub9ac\uace0 Domaine H (\ub3c4\uba58\uc544\uc26c) \uac00 \ud568\uaed8 \ucf5c\ub77c\ubcf4\ub85c \uc6b4\uc601\ud558\ub294 \ud589\uc0ac\uc785\ub2c8\ub2e4. \uc790\uc138\ud55c \ub0b4\uc6a9 \ubc0f \uc608\uc57d\uc740 \ub9c1\ud06c [&hellip;]<\/p>","protected":false},"author":2,"featured_media":2306,"comment_status":"closed","ping_status":"open","sticky":false,"template":"","format":"standard","meta":{"footnotes":""},"categories":[11],"tags":[],"class_list":["post-2296","post","type-post","status-publish","format-standard","has-post-thumbnail","hentry","category-news"],"_links":{"self":[{"href":"https:\/\/kollabculture.com\/en\/wp-json\/wp\/v2\/posts\/2296","targetHints":{"allow":["GET"]}}],"collection":[{"href":"https:\/\/kollabculture.com\/en\/wp-json\/wp\/v2\/posts"}],"about":[{"href":"https:\/\/kollabculture.com\/en\/wp-json\/wp\/v2\/types\/post"}],"author":[{"embeddable":true,"href":"https:\/\/kollabculture.com\/en\/wp-json\/wp\/v2\/users\/2"}],"replies":[{"embeddable":true,"href":"https:\/\/kollabculture.com\/en\/wp-json\/wp\/v2\/comments?post=2296"}],"version-history":[{"count":0,"href":"https:\/\/kollabculture.com\/en\/wp-json\/wp\/v2\/posts\/2296\/revisions"}],"wp:featuredmedia":[{"embeddable":true,"href":"https:\/\/kollabculture.com\/en\/wp-json\/wp\/v2\/media\/2306"}],"wp:attachment":[{"href":"https:\/\/kollabculture.com\/en\/wp-json\/wp\/v2\/media?parent=2296"}],"wp:term":[{"taxonomy":"category","embeddable":true,"href":"https:\/\/kollabculture.com\/en\/wp-json\/wp\/v2\/categories?post=2296"},{"taxonomy":"post_tag","embeddable":true,"href":"https:\/\/kollabculture.com\/en\/wp-json\/wp\/v2\/tags?post=2296"}],"curies":[{"name":"wp","href":"https:\/\/api.w.org\/{rel}","templated":true}]}}